{"id":2667,"date":"2023-02-08T11:33:29","date_gmt":"2023-02-08T08:33:29","guid":{"rendered":"https:\/\/iucerrahpasavakfi.org.tr\/?p=2667"},"modified":"2023-02-08T17:52:08","modified_gmt":"2023-02-08T14:52:08","slug":"yaralarimizi-birlikte-sariyoruz-deprem-bolgesinde-ikamet-eden-ogrencimize-acil-destek","status":"publish","type":"post","link":"https:\/\/iucerrahpasavakfi.org.tr\/?p=2667","title":{"rendered":"&#8220;Yaralar\u0131m\u0131z\u0131 Birlikte Sar\u0131yoruz&#8221;"},"content":{"rendered":"<p><strong>De\u011ferli \u0130stanbul \u00dcniversitesi-Cerrahpa\u015fa \u00d6\u011frencileri;<\/strong><\/p>\n<p>Vakf\u0131m\u0131z, 06.02.2023 tarihinde \u00fclkemizde meydana gelen deprem b\u00f6lgesinde bulunan illerden birinde\u00a0 (Adana, Ad\u0131yaman, Diyarbak\u0131r, Gaziantep, Hatay, Kahramanmara\u015f, Kilis, Malatya, Osmaniye, \u015eanl\u0131urfa)\u00a0 ikamet eden 100 \u00f6\u011frencimize acil ihtiya\u00e7lar\u0131n\u0131 kar\u015f\u0131lamak \u00fczere 1.000&#8217;er TL destek \u00f6demesinde bulunma karar\u0131 alm\u0131\u015ft\u0131r. Deprem Deste\u011fi ba\u015fvurular\u0131, online (\u00e7evrimi\u00e7i) olarak <strong>08.02.2023<\/strong> tarihinde saat 12:00\u2019de ba\u015flay\u0131p <strong>12.02.2023<\/strong> tarihinde saat 23:59\u2019da sona erecektir.<\/p>\n<p>&nbsp;<\/p>\n<p><a href=\"https:\/\/iucerrahpasavakfi.org.tr\/?page_id=2660\"><strong><em>Ba\u015fvuru hakk\u0131ndaki detayl\u0131 bilgiye buradan ula\u015fabilirsiniz.<\/em><\/strong><\/a><\/p>\n","protected":false},"excerpt":{"rendered":"<p>De\u011ferli \u0130stanbul \u00dcniversitesi-Cerrahpa\u015fa \u00d6\u011frencileri; Vakf\u0131m\u0131z, 06.02.2023 tarihinde \u00fclkemizde meydana gelen deprem b\u00f6lgesinde bulunan illerden birinde\u00a0 (Adana, [&hellip;]<\/p>\n","protected":false},"author":1,"featured_media":2673,"comment_status":"open","ping_status":"open","sticky":false,"template":"","format":"standard","meta":[],"categories":[51],"tags":[58,56,57,60,59],"_links":{"self":[{"href":"https:\/\/iucerrahpasavakfi.org.tr\/index.php?rest_route=\/wp\/v2\/posts\/2667"}],"collection":[{"href":"https:\/\/iucerrahpasavakfi.org.tr\/index.php?rest_route=\/wp\/v2\/posts"}],"about":[{"href":"https:\/\/iucerrahpasavakfi.org.tr\/index.php?rest_route=\/wp\/v2\/types\/post"}],"author":[{"embeddable":true,"href":"https:\/\/iucerrahpasavakfi.org.tr\/index.php?rest_route=\/wp\/v2\/users\/1"}],"replies":[{"embeddable":true,"href":"https:\/\/iucerrahpasavakfi.org.tr\/index.php?rest_route=%2Fwp%2Fv2%2Fcomments&post=2667"}],"version-history":[{"count":7,"href":"https:\/\/iucerrahpasavakfi.org.tr\/index.php?rest_route=\/wp\/v2\/posts\/2667\/revisions"}],"predecessor-version":[{"id":2691,"href":"https:\/\/iucerrahpasavakfi.org.tr\/index.php?rest_route=\/wp\/v2\/posts\/2667\/revisions\/2691"}],"wp:featuredmedia":[{"embeddable":true,"href":"https:\/\/iucerrahpasavakfi.org.tr\/index.php?rest_route=\/wp\/v2\/media\/2673"}],"wp:attachment":[{"href":"https:\/\/iucerrahpasavakfi.org.tr\/index.php?rest_route=%2Fwp%2Fv2%2Fmedia&parent=2667"}],"wp:term":[{"taxonomy":"category","embeddable":true,"href":"https:\/\/iucerrahpasavakfi.org.tr\/index.php?rest_route=%2Fwp%2Fv2%2Fcategories&post=2667"},{"taxonomy":"post_tag","embeddable":true,"href":"https:\/\/iucerrahpasavakfi.org.tr\/index.php?rest_route=%2Fwp%2Fv2%2Ftags&post=2667"}],"curies":[{"name":"wp","href":"https:\/\/api.w.org\/{rel}","templated":true}]}}