{"id":2704,"date":"2023-02-11T16:23:16","date_gmt":"2023-02-11T13:23:16","guid":{"rendered":"https:\/\/iucerrahpasavakfi.org.tr\/?p=2704"},"modified":"2023-02-13T11:33:48","modified_gmt":"2023-02-13T08:33:48","slug":"vakif-baskani-prof-dr-nuri-aydinin-mesaji","status":"publish","type":"post","link":"https:\/\/iucerrahpasavakfi.org.tr\/?p=2704","title":{"rendered":"&#8220;Vak\u0131f Ba\u015fkan\u0131 Prof. Dr. Nuri AYDIN&#8217;\u0131n Mesaj\u0131&#8221;"},"content":{"rendered":"<p><img loading=\"lazy\" class=\"aligncenter wp-image-2705 size-large\" src=\"https:\/\/iucerrahpasavakfi.org.tr\/wp-content\/uploads\/2023\/02\/12-Bagis-Istek-Metni-Post.jpg\" alt=\"\" width=\"80%\" height=\"80%\" \/><\/p>\n<p>\u00dclkemizi derinden etkileyen 6 \u015eubat 2023 tarihinde Kahramanmara\u015f merkezli meydana gelen ve 10 ilimizde<strong> (Adana, Ad\u0131yaman, Diyarbak\u0131r, Gaziantep, Hatay, Kahramanmara\u015f, Kilis, Malatya, Osmaniye, \u015eanl\u0131urfa)<\/strong> ya\u015fanan depremden etkilenen \u00dcniversitemiz personeli ve \u00d6\u011frencilerimizi desteklemek \u00fczere ba\u011f\u0131\u015f kampanyas\u0131 ba\u015flatm\u0131\u015f bulunuyoruz.<\/p>\n<p>\u00d6\u011frencilerimizi ve \u00e7al\u0131\u015fanlar\u0131m\u0131z\u0131 bu s\u00fcre\u00e7te destekleyen ve desteklemeye devam edecek olan Vakf\u0131m\u0131z, sizlerin ve de\u011ferli ba\u011f\u0131\u015f\u00e7\u0131lar\u0131m\u0131z\u0131n katk\u0131lar\u0131yla faaliyetlerini s\u00fcrd\u00fcrmeye devam edecektir.<\/p>\n<p><strong>&#8220;Yap\u0131lacak olan her bir ba\u011f\u0131\u015f bu noktada bizler i\u00e7in \u00e7ok de\u011ferli olacakt\u0131r.&#8221;\u00a0<\/strong><\/p>\n<p style=\"margin-bottom: 8.25pt; text-align: justify; background: white;\"><span style=\"color: #222222;\">Bug\u00fcne kadar yap\u0131lan ve yap\u0131lacak olan t\u00fcm maddi ve manevi destekleriniz i\u00e7in te\u015fekk\u00fcr eder, sevgi ve sayg\u0131lar\u0131m\u0131 sunar\u0131m.<\/span><\/p>\n<p>&nbsp;<\/p>\n<p><strong>Prof. Dr. Nuri AYDIN<br \/>\n<\/strong>Vak\u0131f Ba\u015fkan\u0131<\/p>\n<p>&nbsp;<\/p>\n<p>Online Ba\u011f\u0131\u015f yapmak i\u00e7in <span style=\"color: #000080;\"><strong><a style=\"color: #000080;\" href=\"https:\/\/bagis.iucerrahpasavakfi.org.tr\/\">t\u0131klay\u0131n\u0131z.<\/a><\/strong><\/span><\/p>\n<p>EFT\/Havale ile ba\u011f\u0131\u015f yapmak i\u00e7in<span style=\"color: #000080;\"> <a style=\"color: #000080;\" href=\"https:\/\/iucerrahpasavakfi.org.tr\/?page_id=1877#1607634372641-24ce9af4-0604\"><strong>t\u0131klay\u0131n\u0131z.<\/strong><\/a><\/span><\/p>\n<p>&nbsp;<\/p>\n","protected":false},"excerpt":{"rendered":"<p>\u00dclkemizi derinden etkileyen 6 \u015eubat 2023 tarihinde Kahramanmara\u015f merkezli meydana gelen ve 10 ilimizde (Adana, Ad\u0131yaman, [&hellip;]<\/p>\n","protected":false},"author":1,"featured_media":2720,"comment_status":"open","ping_status":"open","sticky":false,"template":"","format":"standard","meta":[],"categories":[51],"tags":[58,56,57,60],"_links":{"self":[{"href":"https:\/\/iucerrahpasavakfi.org.tr\/index.php?rest_route=\/wp\/v2\/posts\/2704"}],"collection":[{"href":"https:\/\/iucerrahpasavakfi.org.tr\/index.php?rest_route=\/wp\/v2\/posts"}],"about":[{"href":"https:\/\/iucerrahpasavakfi.org.tr\/index.php?rest_route=\/wp\/v2\/types\/post"}],"author":[{"embeddable":true,"href":"https:\/\/iucerrahpasavakfi.org.tr\/index.php?rest_route=\/wp\/v2\/users\/1"}],"replies":[{"embeddable":true,"href":"https:\/\/iucerrahpasavakfi.org.tr\/index.php?rest_route=%2Fwp%2Fv2%2Fcomments&post=2704"}],"version-history":[{"count":10,"href":"https:\/\/iucerrahpasavakfi.org.tr\/index.php?rest_route=\/wp\/v2\/posts\/2704\/revisions"}],"predecessor-version":[{"id":2722,"href":"https:\/\/iucerrahpasavakfi.org.tr\/index.php?rest_route=\/wp\/v2\/posts\/2704\/revisions\/2722"}],"wp:featuredmedia":[{"embeddable":true,"href":"https:\/\/iucerrahpasavakfi.org.tr\/index.php?rest_route=\/wp\/v2\/media\/2720"}],"wp:attachment":[{"href":"https:\/\/iucerrahpasavakfi.org.tr\/index.php?rest_route=%2Fwp%2Fv2%2Fmedia&parent=2704"}],"wp:term":[{"taxonomy":"category","embeddable":true,"href":"https:\/\/iucerrahpasavakfi.org.tr\/index.php?rest_route=%2Fwp%2Fv2%2Fcategories&post=2704"},{"taxonomy":"post_tag","embeddable":true,"href":"https:\/\/iucerrahpasavakfi.org.tr\/index.php?rest_route=%2Fwp%2Fv2%2Ftags&post=2704"}],"curies":[{"name":"wp","href":"https:\/\/api.w.org\/{rel}","templated":true}]}}