{"id":3139,"date":"2024-03-28T22:00:59","date_gmt":"2024-03-28T19:00:59","guid":{"rendered":"https:\/\/iucerrahpasavakfi.org.tr\/?p=3139"},"modified":"2024-04-01T10:04:24","modified_gmt":"2024-04-01T07:04:24","slug":"vakfimiz-tarafindan-istanbul-universitesi-cerrahpasa-yemekhanelerinde-iftar-programi-duzenlendi","status":"publish","type":"post","link":"https:\/\/iucerrahpasavakfi.org.tr\/?p=3139","title":{"rendered":"Vakf\u0131m\u0131z Taraf\u0131ndan \u0130stanbul \u00dcniversitesi-Cerrahpa\u015fa Yemekhanelerinde \u0130ftar Program\u0131 D\u00fczenlendi"},"content":{"rendered":"<p style=\"text-align: justify; line-height: 21.0pt; background: white; margin: 0cm 0cm 8.25pt 0cm;\"><span style=\"font-size: 12pt; font-family: georgia, palatino, serif; color: #11263e;\">\u0130stanbul \u00dcniversitesi-Cerrahpa\u015fa Geli\u015ftirme Vakf\u0131 taraf\u0131ndan yerle\u015fkelerimizin yemekhanelerinde d\u00fczenlenen iftar program\u0131 kapsam\u0131nda Rekt\u00f6r Prof. Dr. Nuri Ayd\u0131n Avc\u0131lar Yerle\u015fkesinde \u00f6\u011frenci yemekhanesinde Vak\u0131f M\u00fctevelli Heyet \u00dcyeleri ve \u00f6\u011frencilerle bir araya geldi.\u00a0<\/span><\/p>\n<p>\u00a0 \u00a0 \u00a0 \u00a0 \u00a0 \u00a0 \u00a0 \u00a0 \u00a0 \u00a0 \u00a0 \u00a0 \u00a0 \u00a0 \u00a0 \u00a0 \u00a0 \u00a0 \u00a0 \u00a0 \u00a0 \u00a0 \u00a0 \u00a0 \u00a0 \u00a0<img loading=\"lazy\" class=\"alignnone size-large wp-image-3150\" src=\"https:\/\/iucerrahpasavakfi.org.tr\/wp-content\/uploads\/2024\/04\/iucgelistirmevakfi-1024x683.jpg\" alt=\"\" width=\"1024\" height=\"683\" srcset=\"https:\/\/iucerrahpasavakfi.org.tr\/wp-content\/uploads\/2024\/04\/iucgelistirmevakfi-1024x683.jpg 1024w, https:\/\/iucerrahpasavakfi.org.tr\/wp-content\/uploads\/2024\/04\/iucgelistirmevakfi-300x200.jpg 300w, https:\/\/iucerrahpasavakfi.org.tr\/wp-content\/uploads\/2024\/04\/iucgelistirmevakfi-768x512.jpg 768w, https:\/\/iucerrahpasavakfi.org.tr\/wp-content\/uploads\/2024\/04\/iucgelistirmevakfi-1536x1025.jpg 1536w, https:\/\/iucerrahpasavakfi.org.tr\/wp-content\/uploads\/2024\/04\/iucgelistirmevakfi-2048x1366.jpg 2048w, https:\/\/iucerrahpasavakfi.org.tr\/wp-content\/uploads\/2024\/04\/iucgelistirmevakfi-16x12.jpg 16w\" sizes=\"(max-width: 1024px) 100vw, 1024px\" \/><\/p>\n<p>28 Mart 2024 tarihinde ger\u00e7ekle\u015ftirilen iftar program\u0131na \u0130stanbul \u00dcniversitesi-Cerrahpa\u015fa Geli\u015ftirme Vakf\u0131 Kurucu M\u00fctevelli Heyet Ba\u015fkan\u0131 Rekt\u00f6r Prof. Dr. Nuri Ayd\u0131n\u2019\u0131n yan\u0131 s\u0131ra Vak\u0131f M\u00fctevelli Heyet \u00dcyeleri; Prof. Dr. Mehmet Bilgin, Prof. Dr. Erol \u0130nce. Prof. Dr. O\u011fuz \u00c7etinkale, Prof. Dr. Erdo\u011fan K\u00f6se, Prof. Dr. Hasret Yardibi, Prof. Dr. Yusuf G\u00fcne\u015f, Prof. Dr. Saffet T\u00fczgen, Prof. Dr. Mehmet Seven, Genel Sekreter Prof. Dr. H\u00fclya A\u015fk\u0131n Balc\u0131, Genel Sekreter Yard\u0131mc\u0131s\u0131 Fatih At\u0131c\u0131, Sa\u011fl\u0131k K\u00fclt\u00fcr ve Spor Daire Ba\u015fkan\u0131 Mete Burak S\u00f6nmez ve \u00fcniversitemiz \u00f6\u011frencileri kat\u0131ld\u0131.<\/p>\n<p><img loading=\"lazy\" class=\"alignnone size-large wp-image-3143\" src=\"https:\/\/iucerrahpasavakfi.org.tr\/wp-content\/uploads\/2024\/04\/gelistirmevakfi-1024x683.jpg\" alt=\"\" width=\"1024\" height=\"683\" srcset=\"https:\/\/iucerrahpasavakfi.org.tr\/wp-content\/uploads\/2024\/04\/gelistirmevakfi-1024x683.jpg 1024w, https:\/\/iucerrahpasavakfi.org.tr\/wp-content\/uploads\/2024\/04\/gelistirmevakfi-300x200.jpg 300w, https:\/\/iucerrahpasavakfi.org.tr\/wp-content\/uploads\/2024\/04\/gelistirmevakfi-768x512.jpg 768w, https:\/\/iucerrahpasavakfi.org.tr\/wp-content\/uploads\/2024\/04\/gelistirmevakfi-1536x1025.jpg 1536w, https:\/\/iucerrahpasavakfi.org.tr\/wp-content\/uploads\/2024\/04\/gelistirmevakfi-2048x1366.jpg 2048w, https:\/\/iucerrahpasavakfi.org.tr\/wp-content\/uploads\/2024\/04\/gelistirmevakfi-16x12.jpg 16w\" sizes=\"(max-width: 1024px) 100vw, 1024px\" \/><\/p>\n<p>Programda iftar yeme\u011finde Geli\u015ftirme Vakf\u0131 M\u00fctevelli Heyet \u00dcyeleri \u00f6\u011frencilerle sohbet etti.<\/p>\n<p>&nbsp;<\/p>\n<p><img loading=\"lazy\" class=\"alignnone size-large wp-image-3146\" src=\"https:\/\/iucerrahpasavakfi.org.tr\/wp-content\/uploads\/2024\/04\/8Q7A0597-1024x683.jpg\" alt=\"\" width=\"1024\" height=\"683\" srcset=\"https:\/\/iucerrahpasavakfi.org.tr\/wp-content\/uploads\/2024\/04\/8Q7A0597-1024x683.jpg 1024w, https:\/\/iucerrahpasavakfi.org.tr\/wp-content\/uploads\/2024\/04\/8Q7A0597-300x200.jpg 300w, https:\/\/iucerrahpasavakfi.org.tr\/wp-content\/uploads\/2024\/04\/8Q7A0597-768x512.jpg 768w, https:\/\/iucerrahpasavakfi.org.tr\/wp-content\/uploads\/2024\/04\/8Q7A0597-1536x1025.jpg 1536w, https:\/\/iucerrahpasavakfi.org.tr\/wp-content\/uploads\/2024\/04\/8Q7A0597-2048x1366.jpg 2048w, https:\/\/iucerrahpasavakfi.org.tr\/wp-content\/uploads\/2024\/04\/8Q7A0597-16x12.jpg 16w\" sizes=\"(max-width: 1024px) 100vw, 1024px\" \/><\/p>\n<p><img loading=\"lazy\" class=\"alignnone size-large wp-image-3147\" src=\"https:\/\/iucerrahpasavakfi.org.tr\/wp-content\/uploads\/2024\/04\/vakif-1024x683.jpg\" alt=\"\" width=\"1024\" height=\"683\" srcset=\"https:\/\/iucerrahpasavakfi.org.tr\/wp-content\/uploads\/2024\/04\/vakif-1024x683.jpg 1024w, https:\/\/iucerrahpasavakfi.org.tr\/wp-content\/uploads\/2024\/04\/vakif-300x200.jpg 300w, https:\/\/iucerrahpasavakfi.org.tr\/wp-content\/uploads\/2024\/04\/vakif-768x512.jpg 768w, https:\/\/iucerrahpasavakfi.org.tr\/wp-content\/uploads\/2024\/04\/vakif-1536x1025.jpg 1536w, https:\/\/iucerrahpasavakfi.org.tr\/wp-content\/uploads\/2024\/04\/vakif-2048x1366.jpg 2048w, https:\/\/iucerrahpasavakfi.org.tr\/wp-content\/uploads\/2024\/04\/vakif-16x12.jpg 16w\" sizes=\"(max-width: 1024px) 100vw, 1024px\" \/><\/p>\n<p><span style=\"font-size: 12pt; font-family: georgia, palatino, serif; color: #11263e;\">Keyifli anlara sahne olan iftar program\u0131na \u00f6\u011frencilerin ilgisi yo\u011fundu.\u00a0<\/span><\/p>\n<p><img loading=\"lazy\" class=\"alignnone size-large wp-image-3148\" src=\"https:\/\/iucerrahpasavakfi.org.tr\/wp-content\/uploads\/2024\/04\/nuriaydin-1-1024x683.jpg\" alt=\"\" width=\"1024\" height=\"683\" srcset=\"https:\/\/iucerrahpasavakfi.org.tr\/wp-content\/uploads\/2024\/04\/nuriaydin-1-1024x683.jpg 1024w, https:\/\/iucerrahpasavakfi.org.tr\/wp-content\/uploads\/2024\/04\/nuriaydin-1-300x200.jpg 300w, https:\/\/iucerrahpasavakfi.org.tr\/wp-content\/uploads\/2024\/04\/nuriaydin-1-768x512.jpg 768w, https:\/\/iucerrahpasavakfi.org.tr\/wp-content\/uploads\/2024\/04\/nuriaydin-1-1536x1025.jpg 1536w, https:\/\/iucerrahpasavakfi.org.tr\/wp-content\/uploads\/2024\/04\/nuriaydin-1-2048x1366.jpg 2048w, https:\/\/iucerrahpasavakfi.org.tr\/wp-content\/uploads\/2024\/04\/nuriaydin-1-16x12.jpg 16w\" sizes=\"(max-width: 1024px) 100vw, 1024px\" \/><\/p>\n<p>Program \u00f6\u011frencilerle ger\u00e7ekle\u015ftirilen foto\u011fraf \u00e7ekimiyle birlikte sona erdi.<\/p>\n<p><img loading=\"lazy\" class=\"alignnone size-large wp-image-3142\" src=\"https:\/\/iucerrahpasavakfi.org.tr\/wp-content\/uploads\/2024\/04\/8Q7A0669-1-1024x701.jpg\" alt=\"\" width=\"1024\" height=\"701\" srcset=\"https:\/\/iucerrahpasavakfi.org.tr\/wp-content\/uploads\/2024\/04\/8Q7A0669-1-1024x701.jpg 1024w, https:\/\/iucerrahpasavakfi.org.tr\/wp-content\/uploads\/2024\/04\/8Q7A0669-1-300x205.jpg 300w, https:\/\/iucerrahpasavakfi.org.tr\/wp-content\/uploads\/2024\/04\/8Q7A0669-1-768x526.jpg 768w, https:\/\/iucerrahpasavakfi.org.tr\/wp-content\/uploads\/2024\/04\/8Q7A0669-1-1536x1051.jpg 1536w, https:\/\/iucerrahpasavakfi.org.tr\/wp-content\/uploads\/2024\/04\/8Q7A0669-1-2048x1402.jpg 2048w, https:\/\/iucerrahpasavakfi.org.tr\/wp-content\/uploads\/2024\/04\/8Q7A0669-1-16x12.jpg 16w, https:\/\/iucerrahpasavakfi.org.tr\/wp-content\/uploads\/2024\/04\/8Q7A0669-1-106x73.jpg 106w\" sizes=\"(max-width: 1024px) 100vw, 1024px\" \/><\/p>\n","protected":false},"excerpt":{"rendered":"<p>\u0130stanbul \u00dcniversitesi-Cerrahpa\u015fa Geli\u015ftirme Vakf\u0131 taraf\u0131ndan yerle\u015fkelerimizin yemekhanelerinde d\u00fczenlenen iftar program\u0131 kapsam\u0131nda Rekt\u00f6r Prof. Dr. Nuri Ayd\u0131n [&hellip;]<\/p>\n","protected":false},"author":1,"featured_media":3142,"comment_status":"open","ping_status":"open","sticky":false,"template":"","format":"standard","meta":[],"categories":[1],"tags":[58,56,59,31],"_links":{"self":[{"href":"https:\/\/iucerrahpasavakfi.org.tr\/index.php?rest_route=\/wp\/v2\/posts\/3139"}],"collection":[{"href":"https:\/\/iucerrahpasavakfi.org.tr\/index.php?rest_route=\/wp\/v2\/posts"}],"about":[{"href":"https:\/\/iucerrahpasavakfi.org.tr\/index.php?rest_route=\/wp\/v2\/types\/post"}],"author":[{"embeddable":true,"href":"https:\/\/iucerrahpasavakfi.org.tr\/index.php?rest_route=\/wp\/v2\/users\/1"}],"replies":[{"embeddable":true,"href":"https:\/\/iucerrahpasavakfi.org.tr\/index.php?rest_route=%2Fwp%2Fv2%2Fcomments&post=3139"}],"version-history":[{"count":3,"href":"https:\/\/iucerrahpasavakfi.org.tr\/index.php?rest_route=\/wp\/v2\/posts\/3139\/revisions"}],"predecessor-version":[{"id":3153,"href":"https:\/\/iucerrahpasavakfi.org.tr\/index.php?rest_route=\/wp\/v2\/posts\/3139\/revisions\/3153"}],"wp:featuredmedia":[{"embeddable":true,"href":"https:\/\/iucerrahpasavakfi.org.tr\/index.php?rest_route=\/wp\/v2\/media\/3142"}],"wp:attachment":[{"href":"https:\/\/iucerrahpasavakfi.org.tr\/index.php?rest_route=%2Fwp%2Fv2%2Fmedia&parent=3139"}],"wp:term":[{"taxonomy":"category","embeddable":true,"href":"https:\/\/iucerrahpasavakfi.org.tr\/index.php?rest_route=%2Fwp%2Fv2%2Fcategories&post=3139"},{"taxonomy":"post_tag","embeddable":true,"href":"https:\/\/iucerrahpasavakfi.org.tr\/index.php?rest_route=%2Fwp%2Fv2%2Ftags&post=3139"}],"curies":[{"name":"wp","href":"https:\/\/api.w.org\/{rel}","templated":true}]}}